{"id":2824,"count":1,"description":"","link":"http:\/\/spektrum.irankultur.com\/?tag=darlegung-ueber-die-himmel-pers-asmanha","name":"Darlegung \u00fcber die Himmel (pers. \u00e2sm\u00e2nh\u00e2)","slug":"darlegung-ueber-die-himmel-pers-asmanha","taxonomy":"post_tag","meta":[],"_links":{"self":[{"href":"http:\/\/spektrum.irankultur.com\/index.php?rest_route=\/wp\/v2\/tags\/2824","targetHints":{"allow":["GET"]}}],"collection":[{"href":"http:\/\/spektrum.irankultur.com\/index.php?rest_route=\/wp\/v2\/tags"}],"about":[{"href":"http:\/\/spektrum.irankultur.com\/index.php?rest_route=\/wp\/v2\/taxonomies\/post_tag"}],"wp:post_type":[{"href":"http:\/\/spektrum.irankultur.com\/index.php?rest_route=%2Fwp%2Fv2%2Fposts&tags=2824"}],"curies":[{"name":"wp","href":"https:\/\/api.w.org\/{rel}","templated":true}]}}