{"id":2808,"count":1,"description":"","link":"http:\/\/spektrum.irankultur.com\/?tag=darlegung-ueber-den-ton-pers-awaz","name":"Darlegung \u00fcber den Ton (pers. \u00e2w\u00e2z)","slug":"darlegung-ueber-den-ton-pers-awaz","taxonomy":"post_tag","meta":[],"_links":{"self":[{"href":"http:\/\/spektrum.irankultur.com\/index.php?rest_route=\/wp\/v2\/tags\/2808","targetHints":{"allow":["GET"]}}],"collection":[{"href":"http:\/\/spektrum.irankultur.com\/index.php?rest_route=\/wp\/v2\/tags"}],"about":[{"href":"http:\/\/spektrum.irankultur.com\/index.php?rest_route=\/wp\/v2\/taxonomies\/post_tag"}],"wp:post_type":[{"href":"http:\/\/spektrum.irankultur.com\/index.php?rest_route=%2Fwp%2Fv2%2Fposts&tags=2808"}],"curies":[{"name":"wp","href":"https:\/\/api.w.org\/{rel}","templated":true}]}}