{"id":446,"date":"2013-04-07T14:37:53","date_gmt":"2013-04-07T14:37:53","guid":{"rendered":"http:\/\/spektrum.irankultur.com\/?p=446"},"modified":"2017-01-31T00:28:06","modified_gmt":"2017-01-31T00:28:06","slug":"spektrum-iran-2-2009","status":"publish","type":"post","link":"http:\/\/spektrum.irankultur.com\/?p=446","title":{"rendered":"Spektrum Iran 2 \u2013 2009"},"content":{"rendered":"<p>Spektrum Iran 2 \u2013 2009. Alle Artikel k\u00f6nnen als PDF heruntergeladen werden.<!--more--><\/p>\n<p>Inhaltsverzeichnis<\/p>\n<p>D\u00e2ra Shok\u00fbh<\/p>\n<p><a href=\"http:\/\/spektrum.irankultur.com\/wp-content\/uploads\/2013\/04\/Der-Zusammenflu\u00df-zweier-Meere-Majma\u2019-al-Bahrain.pdf\">Der Zusammenflu\u00df zweier Meere (Majma\u2019 al-Bahrain)<\/a><\/p>\n<p>The Institute for Compilation and Publication of Im\u0101m Khomein\u012b\u2019s Works<\/p>\n<p><a href=\"http:\/\/spektrum.irankultur.com\/wp-content\/uploads\/2013\/04\/The-West-and-its-basic-ideological-Principles-according-to-Im\u0101m-Khomein\u012b\u2019s-thinking.pdf\">The West and its basic ideological Principles according to Im\u0101m Khomein\u012b\u2019s thinking<\/a><\/p>\n<p>\u0100yatullah Jaw\u0101di Amul\u012b<\/p>\n<p><a href=\"http:\/\/spektrum.irankultur.com\/wp-content\/uploads\/2013\/04\/Elements-of-Unity.pdf\">Elements of Unity<\/a><\/p>\n<figure id=\"attachment_442\" aria-describedby=\"caption-attachment-442\" style=\"width: 214px\" class=\"wp-caption alignnone\"><a href=\"http:\/\/spektrum.irankultur.com\/wp-content\/uploads\/2013\/04\/spektrumiran_2_2009.jpg\"><img loading=\"lazy\" decoding=\"async\" class=\"size-medium wp-image-442\" title=\"spektrumiran_2_2009\" src=\"http:\/\/spektrum.irankultur.com\/wp-content\/uploads\/2013\/04\/spektrumiran_2_2009-214x300.jpg\" alt=\"\" width=\"214\" height=\"300\" srcset=\"http:\/\/spektrum.irankultur.com\/wp-content\/uploads\/2013\/04\/spektrumiran_2_2009-214x300.jpg 214w, http:\/\/spektrum.irankultur.com\/wp-content\/uploads\/2013\/04\/spektrumiran_2_2009-107x150.jpg 107w, http:\/\/spektrum.irankultur.com\/wp-content\/uploads\/2013\/04\/spektrumiran_2_2009.jpg 500w\" sizes=\"auto, (max-width: 214px) 100vw, 214px\" \/><\/a><figcaption id=\"caption-attachment-442\" class=\"wp-caption-text\">Spektrum Iran 2 &#8211; 2009<\/figcaption><\/figure>\n","protected":false},"excerpt":{"rendered":"<p>Spektrum Iran 2 \u2013 2009. Alle Artikel k\u00f6nnen als PDF heruntergeladen werden.<\/p>\n","protected":false},"author":3,"featured_media":442,"comment_status":"closed","ping_status":"open","sticky":false,"template":"","format":"standard","meta":{"footnotes":""},"categories":[203,17,39],"tags":[2764,2868,2774,2856,2820,2810,2818,2802,2804,2836,2808,2832,2798,2828,2838,2826,2796,2824,2814,2822,2812,2794,2806,2830,2834,2760,2844,2816,2800,2790,2780,2854,2866,2862,2864,166,2858,2776,2758,2850,2772,2860,2756,2770,2768,2792,2852,2762,2766,2778,2782,1168,2848,2846,2840,2842,2784,2786,2788],"class_list":["post-446","post","type-post","status-publish","format-standard","has-post-thumbnail","hentry","category-2-2009","category-archiv","category-jahrgang-22","tag-arjumand-banu-mumtaz-mahal","tag-ayatullah-jawadi-amuli","tag-chishti-ordens","tag-colonialism","tag-darlegung-ueber-brahmanda","tag-darlegung-ueber-das-licht-pers-nur","tag-darlegung-ueber-das-prophetentum-und-die-heiligkeit","tag-darlegung-ueber-den-geist-ruh","tag-darlegung-ueber-den-lebensodem-bad","tag-darlegung-ueber-den-tag-und-die-nacht-pers-ruz-wa-shab","tag-darlegung-ueber-den-ton-pers-awaz","tag-darlegung-ueber-die-auferstehung-qiyamat","tag-darlegung-ueber-die-eigenschaften-gottes","tag-darlegung-ueber-die-einteilung-der-erde-pers-ghismat-e-zamin","tag-darlegung-ueber-die-endlosigkeit-der-zyklen-adwar","tag-darlegung-ueber-die-erde-pers-zamin","tag-darlegung-ueber-die-geistigen-uebungen","tag-darlegung-ueber-die-himmel-pers-asmanha","tag-darlegung-ueber-die-namen-gottes","tag-darlegung-ueber-die-richtungen-jihat","tag-darlegung-ueber-die-schau-pers-royat","tag-darlegung-ueber-die-sinne","tag-darlegung-ueber-die-vier-welten","tag-darlegung-ueber-die-zwischenwelten-arab-barzakh","tag-darlegung-ueber-mukti-die-ewige-befreiung-und-erloesung","tag-das-grosse-geheimnis","tag-definition-of-the-west","tag-des-erhabenen-asma","tag-des-erhabenen-sifat","tag-die-bhagadvagita","tag-die-ruhe-der-heiligen","tag-domination","tag-elements-of-unity","tag-enemy","tag-enmity","tag-imam-khomeini","tag-imperialist","tag-kubrawi-orden","tag-majma-al-bahrain","tag-materialism","tag-naqshbandi-ordens","tag-nationalism","tag-prinz-mohammad-dara-shokuh","tag-qadiri-orden","tag-safinat-al-auliya","tag-samudrasangama","tag-secularism","tag-sirri-akbar","tag-sufitum-und-vedanta","tag-suhrawardi-orden","tag-tarighat","tag-tauhid","tag-the-fundamental-nature-of-the-west","tag-the-ideological-roots-of-the-west","tag-the-islamic-revolution-and-the-west","tag-understanding-the-west","tag-werke-ueber-das-sufitum","tag-werke-ueber-den-vergleich-zwischen-sufitum-und-vedanta","tag-yoga-vasishtha"],"_links":{"self":[{"href":"http:\/\/spektrum.irankultur.com\/index.php?rest_route=\/wp\/v2\/posts\/446","targetHints":{"allow":["GET"]}}],"collection":[{"href":"http:\/\/spektrum.irankultur.com\/index.php?rest_route=\/wp\/v2\/posts"}],"about":[{"href":"http:\/\/spektrum.irankultur.com\/index.php?rest_route=\/wp\/v2\/types\/post"}],"author":[{"embeddable":true,"href":"http:\/\/spektrum.irankultur.com\/index.php?rest_route=\/wp\/v2\/users\/3"}],"replies":[{"embeddable":true,"href":"http:\/\/spektrum.irankultur.com\/index.php?rest_route=%2Fwp%2Fv2%2Fcomments&post=446"}],"version-history":[{"count":2,"href":"http:\/\/spektrum.irankultur.com\/index.php?rest_route=\/wp\/v2\/posts\/446\/revisions"}],"predecessor-version":[{"id":1592,"href":"http:\/\/spektrum.irankultur.com\/index.php?rest_route=\/wp\/v2\/posts\/446\/revisions\/1592"}],"wp:featuredmedia":[{"embeddable":true,"href":"http:\/\/spektrum.irankultur.com\/index.php?rest_route=\/wp\/v2\/media\/442"}],"wp:attachment":[{"href":"http:\/\/spektrum.irankultur.com\/index.php?rest_route=%2Fwp%2Fv2%2Fmedia&parent=446"}],"wp:term":[{"taxonomy":"category","embeddable":true,"href":"http:\/\/spektrum.irankultur.com\/index.php?rest_route=%2Fwp%2Fv2%2Fcategories&post=446"},{"taxonomy":"post_tag","embeddable":true,"href":"http:\/\/spektrum.irankultur.com\/index.php?rest_route=%2Fwp%2Fv2%2Ftags&post=446"}],"curies":[{"name":"wp","href":"https:\/\/api.w.org\/{rel}","templated":true}]}}