{"id":3745,"date":"2024-01-31T11:46:31","date_gmt":"2024-01-31T11:46:31","guid":{"rendered":"http:\/\/spektrum.irankultur.com\/?p=3745"},"modified":"2024-05-17T09:59:43","modified_gmt":"2024-05-17T09:59:43","slug":"spektrum-iran-36-jahrgang-2023-heft-3-4","status":"publish","type":"post","link":"http:\/\/spektrum.irankultur.com\/?p=3745","title":{"rendered":"SPEKTRUM IRAN 36. Jahrgang 2023, Heft 3\/4"},"content":{"rendered":"\n<p><strong>Die Ausgabe der Zeitschrift Spektrum Iran mit den Heften Nr. 3 und Nr. 4 des Jahrganges 2023 ist erschienen und wird den Abonnenten zugestellt:<\/strong><\/p>\n\n\n\n<p><strong>Haben Sie noch kein Abonnement? Jetzt Probeheft bestellen!<\/strong><\/p>\n\n\n\n<!--more-->\n\n\n\n<p><strong>SPEKTRUM IRAN 36. Jahrgang 2023, Heft 3\/4<\/strong><\/p>\n\n\n\n<p><a href=\"http:\/\/spektrum.irankultur.com\/wp-content\/uploads\/2024\/02\/Islamische-Philosophie-und-das-Verh\u00e4ltnis-zwischen-Iran-und-Europa-Ardakani.pdf\">Islamische Philosophie und das Verh\u00e4ltnis zwischen Iran und Europa<br><strong>Reza Davari Ardakani<\/strong><\/a><\/p>\n\n\n\n<p>Abhandlung zum Roman \u201eDer Herbst ist die letzte Jahreszeit\u201d von Nasim Mar\u2019ashi Basierend auf der Kritik der Statustheorie der Frau<br><strong>Mohammad Fallah \/ Ahmadreza Nazari Charvadeh \/ Bahram Khoshnoudi<\/strong><\/p>\n\n\n\n<p><a href=\"http:\/\/spektrum.irankultur.com\/wp-content\/uploads\/2024\/03\/Untersuchung-der-\u201eFormal-\u00c4sthetischen-\u00c4quivalenz\u201c-anhand-von-Beispielen-von-Parvin-Etesami\u2018s-Gedichten-in-deutschen-\u00dcbersetzungen.pdf\">Untersuchung der \u201eFormal-\u00c4sthetischen \u00c4quivalenz\u201c anhand von Beispielen von Parvin Etesami\u2018s Gedichten in deutschen \u00dcbersetzungen<br><strong>Faranak Hashemi<\/strong><\/a><\/p>\n\n\n\n<p>Iranischer Nietzsche: Ein Blick auf Nietzsches Rezeption im Iran<br><strong>Ahmadali Heydari \/ Navid Ghaffari \/ Amin Dorosti<\/strong><\/p>\n\n\n\n<p><a href=\"http:\/\/spektrum.irankultur.com\/wp-content\/uploads\/2024\/02\/Analyse-der-grundlegenden-und-philosophischen-Auseinandersetzungen.pdf\">Analyse der grundlegenden und philosophischen Auseinandersetzungen bei der Entwicklung von Bildungstechnologie im Iran im Hinblick auf die innovative Rolle neuer wissensbasierter Unternehmen<br><strong>Seyyede Mina Lezgee \/ Hossein Tajarenejad Abdollahi<\/strong><\/a><\/p>\n\n\n\n<p><a href=\"http:\/\/spektrum.irankultur.com\/wp-content\/uploads\/2024\/01\/Spektrum-36-3-4-2023-nourbakhsh.pdf\">Die Bedeutung und Semiotik der Verschleierung von Frauen in verschiedenen Gesellschaften und Epochen<br><strong>Younes Nourbakhsh<\/strong><\/a><\/p>\n\n\n\n<p><a href=\"http:\/\/spektrum.irankultur.com\/wp-content\/uploads\/2024\/02\/Das-Heldenbuch-von-Iran.pdf\">Das Heldenbuch von Iran; Josef G\u00f6rres und seine \u00dcbersetzung von Ab\u016b\u2019l Q\u0101sim Firdous\u012bs \u0160ahn\u0101ma (Buch der K\u00f6nige)<br><strong>Roland Pietsch<\/strong><\/a><\/p>\n\n\n\n<p><a href=\"http:\/\/spektrum.irankultur.com\/wp-content\/uploads\/2024\/04\/Auf-den-Spuren-des-Persischen-in-der-englischen-und-deutschen.pdf\">Auf den Spuren des Persischen in der englischen und deutschen Gegenwartssprache: Eine schulsprachenpolitisch motivierte Selektion von Lehnw\u00f6rtern aus einer orientalischen Herkunftssprache<br><strong>Mehrdad Saeedi<\/strong><\/a><\/p>\n\n\n\n<p><a href=\"http:\/\/spektrum.irankultur.com\/wp-content\/uploads\/2024\/03\/Das-technische-Erbe-Deutschlands-2.pdf\">Das technische Erbe Deutschlands in der iranischen Moderne in Bezug auf die Teheraner Gewerbeschule<br><strong>Yasna Shenavaie \/ Ahmadali Heydari<\/strong><\/a><\/p>\n\n\n\n<p><a href=\"http:\/\/spektrum.irankultur.com\/wp-content\/uploads\/2024\/05\/Die-Bedingungen-f\u00fcr-die-M\u00f6glichkeit-menschlicher-Solidarit\u00e4t-basierend-auf-den-Meinungen-von-Rorty-und-Rumi.pdf\">Die Bedingungen f\u00fcr die M\u00f6glichkeit menschlicher Solidarit\u00e4t basierend auf den Meinungen von Rorty und Rumi<br><strong>Alireza Omidbakhsh \/ Fazel Asadi Amjad \/ Mohammad Reza Yarahmadi<\/strong><\/a><\/p>\n\n\n\n<p>Gedenkfeier von Dr. Faramarz Behzad<br><strong>Melika Torkman Boutrabi \/ Lina Shahraki<\/strong><\/p>\n\n\n\n<p><strong>Englische Abstrakte<\/strong><\/p>\n\n\n\n<p><strong>Persische Abstrakte<\/strong><\/p>\n\n\n\n<figure class=\"wp-block-image size-large\"><img loading=\"lazy\" decoding=\"async\" width=\"600\" height=\"874\" src=\"http:\/\/spektrum.irankultur.com\/wp-content\/uploads\/2024\/01\/Spekrum-Umschlag-Heft-3-4-2023-Heft-kl-web.jpg\" alt=\"\" class=\"wp-image-3752\" srcset=\"http:\/\/spektrum.irankultur.com\/wp-content\/uploads\/2024\/01\/Spekrum-Umschlag-Heft-3-4-2023-Heft-kl-web.jpg 600w, http:\/\/spektrum.irankultur.com\/wp-content\/uploads\/2024\/01\/Spekrum-Umschlag-Heft-3-4-2023-Heft-kl-web-206x300.jpg 206w\" sizes=\"auto, (max-width: 600px) 100vw, 600px\" \/><\/figure>\n","protected":false},"excerpt":{"rendered":"<p>Die Ausgabe der Zeitschrift Spektrum Iran mit den Heften Nr. 3 und Nr. 4 des Jahrganges 2023 ist erschienen und wird den Abonnenten zugestellt: Haben Sie noch kein Abonnement? Jetzt Probeheft bestellen!<\/p>\n","protected":false},"author":1,"featured_media":3746,"comment_status":"closed","ping_status":"open","sticky":false,"template":"","format":"standard","meta":{"footnotes":""},"categories":[270],"tags":[4910,4912,4909,2210,120,83,4906,4908,4911,4907,4913,4904,862,4905,4900],"class_list":["post-3745","post","type-post","status-publish","format-standard","has-post-thumbnail","hentry","category-allgemein-de","tag-ahmadali-heydari","tag-amin-dorosti","tag-faranak-hashemi","tag-hijab","tag-iran","tag-islam","tag-mehrdad-saeedi","tag-mohammad-fallah-ahmadreza-nazari-charvadeh-bahram-khoshnoudi","tag-navid-ghaffari","tag-reza-davari-ardakani","tag-seyyede-mina-lezgee","tag-spektrumiran","tag-wissenschaft","tag-younes-nourbakhsh","tag-zeitschrift"],"_links":{"self":[{"href":"http:\/\/spektrum.irankultur.com\/index.php?rest_route=\/wp\/v2\/posts\/3745","targetHints":{"allow":["GET"]}}],"collection":[{"href":"http:\/\/spektrum.irankultur.com\/index.php?rest_route=\/wp\/v2\/posts"}],"about":[{"href":"http:\/\/spektrum.irankultur.com\/index.php?rest_route=\/wp\/v2\/types\/post"}],"author":[{"embeddable":true,"href":"http:\/\/spektrum.irankultur.com\/index.php?rest_route=\/wp\/v2\/users\/1"}],"replies":[{"embeddable":true,"href":"http:\/\/spektrum.irankultur.com\/index.php?rest_route=%2Fwp%2Fv2%2Fcomments&post=3745"}],"version-history":[{"count":15,"href":"http:\/\/spektrum.irankultur.com\/index.php?rest_route=\/wp\/v2\/posts\/3745\/revisions"}],"predecessor-version":[{"id":3784,"href":"http:\/\/spektrum.irankultur.com\/index.php?rest_route=\/wp\/v2\/posts\/3745\/revisions\/3784"}],"wp:featuredmedia":[{"embeddable":true,"href":"http:\/\/spektrum.irankultur.com\/index.php?rest_route=\/wp\/v2\/media\/3746"}],"wp:attachment":[{"href":"http:\/\/spektrum.irankultur.com\/index.php?rest_route=%2Fwp%2Fv2%2Fmedia&parent=3745"}],"wp:term":[{"taxonomy":"category","embeddable":true,"href":"http:\/\/spektrum.irankultur.com\/index.php?rest_route=%2Fwp%2Fv2%2Fcategories&post=3745"},{"taxonomy":"post_tag","embeddable":true,"href":"http:\/\/spektrum.irankultur.com\/index.php?rest_route=%2Fwp%2Fv2%2Ftags&post=3745"}],"curies":[{"name":"wp","href":"https:\/\/api.w.org\/{rel}","templated":true}]}}