{"id":3556,"date":"2022-07-12T07:28:35","date_gmt":"2022-07-12T07:28:35","guid":{"rendered":"http:\/\/spektrum.irankultur.com\/?p=3556"},"modified":"2022-07-12T07:28:58","modified_gmt":"2022-07-12T07:28:58","slug":"spektrum-iran-33-jahrgang-2020-heft-1-2-2","status":"publish","type":"post","link":"http:\/\/spektrum.irankultur.com\/?p=3556","title":{"rendered":"Spektrum Iran \u2013 33. Jahrgang 2020, Heft 1\/2"},"content":{"rendered":"\n<p><strong>Das Paradoxon des Monotheismus<\/strong><br>Felix Herkert<\/p>\n\n\n\n<p><strong>Der eine Gott und die vielen G\u00f6tter \u2013<\/strong><br><strong>Das Paradoxon des Monotheismus<\/strong><br>Henry Corbin<\/p>\n\n\n\n<p><strong>Die g\u00f6ttlichen Hierarchien \u2013<\/strong><br><strong>Das Paradoxon des Monotheismus<\/strong><br>Henry Corbin<\/p>\n\n\n\n<p><strong>Die Perle aus der Muschel des Weltalls<\/strong><br><strong>Wolfram von Eschenbachs Parzival und der Orient<\/strong><br>Roland Pietsch<\/p>\n\n\n\n<!--more-->\n\n\n\n<p>Inhalt<br><strong><a href=\"http:\/\/spektrum.irankultur.com\/wp-content\/uploads\/2020\/07\/richtlinien.pdf\">Richtlinien f\u00fcr Spektrum Iran<\/a><\/strong><\/p>\n\n\n\n<p><strong><a href=\"http:\/\/spektrum.irankultur.com\/wp-content\/uploads\/2020\/09\/2-das-paradoxon-einleitung.pdf\">Das Paradoxon des Monotheismus<\/a><\/strong><br>Felix Herkert<\/p>\n\n\n\n<p><a href=\"http:\/\/spektrum.irankultur.com\/wp-content\/uploads\/2020\/09\/3-der-eine-gott.pdf\"><strong>Der eine Gott und die vielen G\u00f6tter \u2013<\/strong><br><strong>Das Paradoxon des Monotheismus<\/strong><\/a><br>Henry Corbin<\/p>\n\n\n\n<p><a href=\"http:\/\/spektrum.irankultur.com\/wp-content\/uploads\/2020\/09\/4-die-g%C3%B6ttlichen.pdf\"><strong>Die g\u00f6ttlichen Hierarchien \u2013<\/strong><br><strong>Das Paradoxon des Monotheismus<\/strong><\/a><br>Henry Corbin<\/p>\n\n\n\n<p><a href=\"http:\/\/spektrum.irankultur.com\/wp-content\/uploads\/2020\/09\/6-Die-Perle-2.pdf\"><strong>Die Perle aus der Muschel des Weltalls<\/strong><br><strong>Wolfram von Eschenbachs Parzival und der Orient<\/strong><\/a><br>Roland Pietsch<\/p>\n\n\n\n<p><strong><a href=\"http:\/\/spektrum.irankultur.com\/wp-content\/uploads\/2020\/09\/8-Von-Balch-bis-Tanga.pdf\">Von Balkh bis \u1e6can\u01e7a \u2013&nbsp; Geschichte und Geschichten um Adaption und Akkulturation zwischen dem 08. und 12. Jahrhundert<\/a><\/strong><br>Gabriele Dold-Ghadar&nbsp;&nbsp;&nbsp;&nbsp;&nbsp;&nbsp;&nbsp;&nbsp;&nbsp;&nbsp;&nbsp;&nbsp;&nbsp;&nbsp;<\/p>\n\n\n\n<p><strong><a href=\"http:\/\/spektrum.irankultur.com\/wp-content\/uploads\/2020\/09\/9-Vladimir-Sergeevi%C4%8D.pdf\">Vladimir Sergeevi\u010d Solov\u2018ev und seine Stellung zum Islam<\/a><\/strong><br>Roland Pietsch<\/p>\n\n\n\n<p><strong>Neuerscheinungen<\/strong><br><strong><a href=\"http:\/\/spektrum.irankultur.com\/wp-content\/uploads\/2020\/09\/11-Neuerscheinungen.pdf\">Seyyed Haydar Amuli: \u00c9p\u00eetre sur la Quintessence de la Connaissance de l\u2019\u00catre, \u00fcbersetzt und kommentiert von Ma\u00ebl Moustafa<\/a><\/strong><br>Felix Herkert<\/p>\n\n\n\n<figure class=\"wp-block-image\"><img loading=\"lazy\" decoding=\"async\" width=\"675\" height=\"1024\" src=\"http:\/\/spektrum.irankultur.com\/wp-content\/uploads\/2020\/09\/spektrum-1-2020-675x1024.jpg\" alt=\"\" class=\"wp-image-3357\" srcset=\"http:\/\/spektrum.irankultur.com\/wp-content\/uploads\/2020\/09\/spektrum-1-2020-675x1024.jpg 675w, http:\/\/spektrum.irankultur.com\/wp-content\/uploads\/2020\/09\/spektrum-1-2020-198x300.jpg 198w, http:\/\/spektrum.irankultur.com\/wp-content\/uploads\/2020\/09\/spektrum-1-2020-768x1166.jpg 768w, http:\/\/spektrum.irankultur.com\/wp-content\/uploads\/2020\/09\/spektrum-1-2020.jpg 935w\" sizes=\"auto, (max-width: 675px) 100vw, 675px\" \/><\/figure>\n","protected":false},"excerpt":{"rendered":"<p>Das Paradoxon des MonotheismusFelix Herkert Der eine Gott und die vielen G\u00f6tter \u2013Das Paradoxon des MonotheismusHenry Corbin Die g\u00f6ttlichen Hierarchien \u2013Das Paradoxon des MonotheismusHenry Corbin Die Perle aus der Muschel des WeltallsWolfram von Eschenbachs Parzival und der OrientRoland Pietsch<\/p>\n","protected":false},"author":1,"featured_media":0,"comment_status":"closed","ping_status":"open","sticky":false,"template":"","format":"standard","meta":{"footnotes":""},"categories":[547],"tags":[],"class_list":["post-3556","post","type-post","status-publish","format-standard","hentry","category-allgemein-en"],"_links":{"self":[{"href":"http:\/\/spektrum.irankultur.com\/index.php?rest_route=\/wp\/v2\/posts\/3556","targetHints":{"allow":["GET"]}}],"collection":[{"href":"http:\/\/spektrum.irankultur.com\/index.php?rest_route=\/wp\/v2\/posts"}],"about":[{"href":"http:\/\/spektrum.irankultur.com\/index.php?rest_route=\/wp\/v2\/types\/post"}],"author":[{"embeddable":true,"href":"http:\/\/spektrum.irankultur.com\/index.php?rest_route=\/wp\/v2\/users\/1"}],"replies":[{"embeddable":true,"href":"http:\/\/spektrum.irankultur.com\/index.php?rest_route=%2Fwp%2Fv2%2Fcomments&post=3556"}],"version-history":[{"count":1,"href":"http:\/\/spektrum.irankultur.com\/index.php?rest_route=\/wp\/v2\/posts\/3556\/revisions"}],"predecessor-version":[{"id":3557,"href":"http:\/\/spektrum.irankultur.com\/index.php?rest_route=\/wp\/v2\/posts\/3556\/revisions\/3557"}],"wp:attachment":[{"href":"http:\/\/spektrum.irankultur.com\/index.php?rest_route=%2Fwp%2Fv2%2Fmedia&parent=3556"}],"wp:term":[{"taxonomy":"category","embeddable":true,"href":"http:\/\/spektrum.irankultur.com\/index.php?rest_route=%2Fwp%2Fv2%2Fcategories&post=3556"},{"taxonomy":"post_tag","embeddable":true,"href":"http:\/\/spektrum.irankultur.com\/index.php?rest_route=%2Fwp%2Fv2%2Ftags&post=3556"}],"curies":[{"name":"wp","href":"https:\/\/api.w.org\/{rel}","templated":true}]}}