{"id":3542,"date":"2022-07-12T07:16:31","date_gmt":"2022-07-12T07:16:31","guid":{"rendered":"http:\/\/spektrum.irankultur.com\/?p=3542"},"modified":"2023-07-03T17:33:35","modified_gmt":"2023-07-03T17:33:35","slug":"spektrum-iran-32-jahrgang-2019-heft-1-2","status":"publish","type":"post","link":"http:\/\/spektrum.irankultur.com\/?p=3542","title":{"rendered":"Spektrum Iran \u2013 32. Jahrgang 2019, Heft 1"},"content":{"rendered":"\n<p>Mit den Augen des Herzens sehen \u00dcber die Symbolik der mystisch-metaphysischen Schau im Islam<\/p>\n\n\n\n<p>Der Transfer von Wissenschaft und Technologie von \u00d6sterreich nach Iran<\/p>\n\n\n\n<p>Vom Westen geschlagen?<br>Zur heutigen Rezeption von \u02bfAli \u0160ar\u012b\u02bfat\u012b und \u0100l-e A\u1e25mad in Iran<\/p>\n\n\n\n<p>Die Einsch\u00e4tzung der Beweggr\u00fcnde der aggressiven au\u00dfenpolitischen Haltung von Saudi Arabien gegen die Islamische Republik Iran (zwischen 2001 bis 2017)<\/p>\n\n\n\n<p>Das Autobiografische im Werk von Franz Kafka<\/p>\n\n\n\n<p>Soziale und kulturelle Fremdheitskonstruktionen in Russlandreisebericht Dal\u012bl assufar\u0101\u02be<\/p>\n\n\n\n<hr class=\"wp-block-separator\"\/>\n\n\n\n<!--more-->\n\n\n\n<p>Inhalt<br><a href=\"http:\/\/spektrum.irankultur.com\/wp-content\/uploads\/2019\/07\/Richtlinien-f%C3%BCr-Spektrum-Iran.pdf\">Richtlinien f\u00fcr Spektrum Iran<\/a><\/p>\n\n\n\n<p><a href=\"http:\/\/spektrum.irankultur.com\/wp-content\/uploads\/2019\/07\/Mit-den-Augen-des-Herzens-sehen-%C3%9Cber-die-Symbolik-der-mystisch-metaphysischen-Schau-im-Islam.pdf\">Mit den Augen des Herzens sehen \u00dcber die Symbolik der mystisch-metaphysischen Schau im Islam<\/a><br>Roland Pietsch<\/p>\n\n\n\n<p><a href=\"http:\/\/spektrum.irankultur.com\/wp-content\/uploads\/2019\/07\/Der-Transfer-von-Wissenschaft-und-Technologie-von-%C3%96sterreich-nach-Iran.pdf\">Der Transfer von Wissenschaft und Technologie von \u00d6sterreich nach Iran<\/a><br>Mohammad Hadi Varahram<\/p>\n\n\n\n<p><a href=\"http:\/\/spektrum.irankultur.com\/wp-content\/uploads\/2019\/07\/Vom-Westen-geschlagen-Zur-heutigen-Rezeption-von-%CA%BFAli-%C5%A0ar%C4%AB%CA%BFat%C4%AB-und-%C4%80l-e-A%E1%B8%A5mad-in-Iran.pdf\">Vom Westen geschlagen? Zur heutigen Rezeption von \u02bfAli \u0160ar\u012b\u02bfat\u012b und \u0100l-e A\u1e25mad in Iran<\/a><br>Katajun Amirpur<\/p>\n\n\n\n<p><a href=\"http:\/\/spektrum.irankultur.com\/wp-content\/uploads\/2023\/07\/3-Die-Einsch%C3%A4tzung-der-Beweggr%C3%BCnde-der-aggressiven-au%C3%9Fenpolitischen.pdf\">Die Einsch\u00e4tzung der Beweggr\u00fcnde der aggressiven au\u00dfenpolitischen Haltung von Saudi Arabien gegen die Islamische Republik Iran (zwischen 2001 bis 2017)<\/a><br>Alireza Mollaghadimi, Mehdi Zakerian<\/p>\n\n\n\n<p><a href=\"http:\/\/spektrum.irankultur.com\/wp-content\/uploads\/2019\/07\/Das-Autobiografische-im-Werk-von-Franz-Kafk.pdf\">Das Autobiografische im Werk von Franz Kafka<\/a><br>Saeid Rezvani<\/p>\n\n\n\n<p><a href=\"http:\/\/spektrum.irankultur.com\/wp-content\/uploads\/2019\/07\/Soziale-und-kulturelle-Fremdheitskonstruktionen-in-Russlandreisebericht-Dal%C4%ABl-as-sufar%C4%81%CA%BE.pdf\">Soziale und kulturelle Fremdheitskonstruktionen in Russlandreisebericht Dal\u012bl assufar\u0101\u02be<\/a><br>Sara Faridzadeh<\/p>\n\n\n\n<p><a href=\"http:\/\/spektrum.irankultur.com\/wp-content\/uploads\/2019\/07\/Nachruf.pdf\">Nachruf<\/a><\/p>\n\n\n\n<p><a href=\"http:\/\/spektrum.irankultur.com\/wp-content\/uploads\/2019\/07\/Neuerscheinungen.pdf\">Neuerscheinungen<\/a><\/p>\n\n\n\n<p><a href=\"http:\/\/spektrum.irankultur.com\/wp-content\/uploads\/2019\/07\/Englische-Abstracts.pdf\">Englische Abstracts (English Abstracts)<\/a><\/p>\n\n\n\n<p><a href=\"http:\/\/spektrum.irankultur.com\/wp-content\/uploads\/2019\/07\/Persische-Abstracts.pdf\">Persische Abstracts (\u0686\u06a9\u06cc\u062f\u0647 \u0645\u0642\u0627\u0644\u0627\u062a \u0641\u0627\u0631\u0633\u06cc)<\/a><\/p>\n\n\n\n<figure class=\"wp-block-image\"><a href=\"http:\/\/spektrum.irankultur.com\/wp-content\/uploads\/2019\/07\/WhatsApp-Image-2019-07-08-at-11.51.52.jpeg\"><img loading=\"lazy\" decoding=\"async\" width=\"219\" height=\"300\" src=\"http:\/\/spektrum.irankultur.com\/wp-content\/uploads\/2019\/07\/WhatsApp-Image-2019-07-08-at-11.51.52-219x300.jpeg\" alt=\"\" class=\"wp-image-3086\" srcset=\"http:\/\/spektrum.irankultur.com\/wp-content\/uploads\/2019\/07\/WhatsApp-Image-2019-07-08-at-11.51.52-219x300.jpeg 219w, http:\/\/spektrum.irankultur.com\/wp-content\/uploads\/2019\/07\/WhatsApp-Image-2019-07-08-at-11.51.52.jpeg 560w\" sizes=\"auto, (max-width: 219px) 100vw, 219px\" \/><\/a><\/figure>\n","protected":false},"excerpt":{"rendered":"<p>Mit den Augen des Herzens sehen \u00dcber die Symbolik der mystisch-metaphysischen Schau im Islam Der Transfer von Wissenschaft und Technologie von \u00d6sterreich nach Iran Vom Westen geschlagen?Zur heutigen Rezeption von \u02bfAli \u0160ar\u012b\u02bfat\u012b und \u0100l-e A\u1e25mad in Iran Die Einsch\u00e4tzung der Beweggr\u00fcnde der aggressiven au\u00dfenpolitischen Haltung von Saudi Arabien gegen die Islamische Republik Iran (zwischen 2001 [&hellip;]<\/p>\n","protected":false},"author":1,"featured_media":0,"comment_status":"closed","ping_status":"open","sticky":false,"template":"","format":"standard","meta":{"footnotes":""},"categories":[547],"tags":[],"class_list":["post-3542","post","type-post","status-publish","format-standard","hentry","category-allgemein-en"],"_links":{"self":[{"href":"http:\/\/spektrum.irankultur.com\/index.php?rest_route=\/wp\/v2\/posts\/3542","targetHints":{"allow":["GET"]}}],"collection":[{"href":"http:\/\/spektrum.irankultur.com\/index.php?rest_route=\/wp\/v2\/posts"}],"about":[{"href":"http:\/\/spektrum.irankultur.com\/index.php?rest_route=\/wp\/v2\/types\/post"}],"author":[{"embeddable":true,"href":"http:\/\/spektrum.irankultur.com\/index.php?rest_route=\/wp\/v2\/users\/1"}],"replies":[{"embeddable":true,"href":"http:\/\/spektrum.irankultur.com\/index.php?rest_route=%2Fwp%2Fv2%2Fcomments&post=3542"}],"version-history":[{"count":4,"href":"http:\/\/spektrum.irankultur.com\/index.php?rest_route=\/wp\/v2\/posts\/3542\/revisions"}],"predecessor-version":[{"id":3670,"href":"http:\/\/spektrum.irankultur.com\/index.php?rest_route=\/wp\/v2\/posts\/3542\/revisions\/3670"}],"wp:attachment":[{"href":"http:\/\/spektrum.irankultur.com\/index.php?rest_route=%2Fwp%2Fv2%2Fmedia&parent=3542"}],"wp:term":[{"taxonomy":"category","embeddable":true,"href":"http:\/\/spektrum.irankultur.com\/index.php?rest_route=%2Fwp%2Fv2%2Fcategories&post=3542"},{"taxonomy":"post_tag","embeddable":true,"href":"http:\/\/spektrum.irankultur.com\/index.php?rest_route=%2Fwp%2Fv2%2Ftags&post=3542"}],"curies":[{"name":"wp","href":"https:\/\/api.w.org\/{rel}","templated":true}]}}