{"id":2842,"date":"2018-07-15T08:24:42","date_gmt":"2018-07-15T08:24:42","guid":{"rendered":"http:\/\/spektrum.irankultur.com\/?p=2842"},"modified":"2018-10-10T11:42:52","modified_gmt":"2018-10-10T11:42:52","slug":"spektrum-iran-31-jahrgang-2018-heft-2-2","status":"publish","type":"post","link":"http:\/\/spektrum.irankultur.com\/?p=2842","title":{"rendered":"Spektrum Iran \u2013 31. Jahrgang 2018, Heft 2"},"content":{"rendered":"<p>Der Beitrag von Joseph von Hammer-Purgstall zur Vorstellung der persischen Literatur in der Kadscharenzeit\/ Seyed Saied Firuzabadi<\/p>\n<p>Ein Blick auf eschatologische individuelle Glauben in gnostischen und manich\u00e4ischen Lehren\/ Roozbeh Zarrinkoob, Sayyed Toufigh Hosseini<\/p>\n<p>\u0160\u0101h Ism\u0101\u02bb\u012bl und seine zeitgleich mehreren Koranexemplare: eine Reflexion der Problematik der Signaturf\u00e4lschung der schiitischen Imame in den Koranmanuskripten\/ Morteza Karimi-nia<\/p>\n<p>Transzendente Weisheit als Methode der Exegese, oder \u1e62adr\u0101s Kommentar zu Kulain\u012bs\u00a0<em>Kit\u0101b al-K\u0101fi\/\u00a0<\/em>Janis Esots<\/p>\n<p>Fr\u00fche Reaktionen auf al-\u1e24aira\/ Andrew J. Newman<\/p>\n<p>I\u011ftih\u0101d und Reform im Zw\u00f6lferschiismus\/ Liyakat Takim<!--more--><\/p>\n<p>Read More: <a href=\"http:\/\/spektrum.irankultur.com\/?p=2785&amp;lang=de#more-2785\">Spektrum Iran \u2013 31. Jahrgang 2018, Heft 2<\/a><\/p>\n<p><a href=\"http:\/\/spektrum.irankultur.com\/wp-content\/uploads\/2018\/07\/Cover-Heft-2-2018-web3.jpg\"><img loading=\"lazy\" decoding=\"async\" class=\"alignnone size-medium wp-image-3014\" src=\"http:\/\/spektrum.irankultur.com\/wp-content\/uploads\/2018\/07\/Cover-Heft-2-2018-web3-205x300.jpg\" alt=\"Cover-Heft-2-2018-web\" width=\"205\" height=\"300\" srcset=\"http:\/\/spektrum.irankultur.com\/wp-content\/uploads\/2018\/07\/Cover-Heft-2-2018-web3-205x300.jpg 205w, http:\/\/spektrum.irankultur.com\/wp-content\/uploads\/2018\/07\/Cover-Heft-2-2018-web3-699x1024.jpg 699w\" sizes=\"auto, (max-width: 205px) 100vw, 205px\" \/><\/a><\/p>\n","protected":false},"excerpt":{"rendered":"<p>Der Beitrag von Joseph von Hammer-Purgstall zur Vorstellung der persischen Literatur in der Kadscharenzeit\/ Seyed Saied Firuzabadi Ein Blick auf eschatologische individuelle Glauben in gnostischen und manich\u00e4ischen Lehren\/ Roozbeh Zarrinkoob, Sayyed Toufigh Hosseini \u0160\u0101h Ism\u0101\u02bb\u012bl und seine zeitgleich mehreren Koranexemplare: eine Reflexion der Problematik der Signaturf\u00e4lschung der schiitischen Imame in den Koranmanuskripten\/ Morteza Karimi-nia Transzendente [&hellip;]<\/p>\n","protected":false},"author":3,"featured_media":0,"comment_status":"closed","ping_status":"open","sticky":false,"template":"","format":"standard","meta":{"footnotes":""},"categories":[547],"tags":[],"class_list":["post-2842","post","type-post","status-publish","format-standard","hentry","category-allgemein-en"],"_links":{"self":[{"href":"http:\/\/spektrum.irankultur.com\/index.php?rest_route=\/wp\/v2\/posts\/2842","targetHints":{"allow":["GET"]}}],"collection":[{"href":"http:\/\/spektrum.irankultur.com\/index.php?rest_route=\/wp\/v2\/posts"}],"about":[{"href":"http:\/\/spektrum.irankultur.com\/index.php?rest_route=\/wp\/v2\/types\/post"}],"author":[{"embeddable":true,"href":"http:\/\/spektrum.irankultur.com\/index.php?rest_route=\/wp\/v2\/users\/3"}],"replies":[{"embeddable":true,"href":"http:\/\/spektrum.irankultur.com\/index.php?rest_route=%2Fwp%2Fv2%2Fcomments&post=2842"}],"version-history":[{"count":2,"href":"http:\/\/spektrum.irankultur.com\/index.php?rest_route=\/wp\/v2\/posts\/2842\/revisions"}],"predecessor-version":[{"id":3015,"href":"http:\/\/spektrum.irankultur.com\/index.php?rest_route=\/wp\/v2\/posts\/2842\/revisions\/3015"}],"wp:attachment":[{"href":"http:\/\/spektrum.irankultur.com\/index.php?rest_route=%2Fwp%2Fv2%2Fmedia&parent=2842"}],"wp:term":[{"taxonomy":"category","embeddable":true,"href":"http:\/\/spektrum.irankultur.com\/index.php?rest_route=%2Fwp%2Fv2%2Fcategories&post=2842"},{"taxonomy":"post_tag","embeddable":true,"href":"http:\/\/spektrum.irankultur.com\/index.php?rest_route=%2Fwp%2Fv2%2Ftags&post=2842"}],"curies":[{"name":"wp","href":"https:\/\/api.w.org\/{rel}","templated":true}]}}