{"id":2785,"date":"2018-07-15T22:51:40","date_gmt":"2018-07-15T22:51:40","guid":{"rendered":"http:\/\/spektrum.irankultur.com\/?p=2785"},"modified":"2018-07-19T11:18:35","modified_gmt":"2018-07-19T11:18:35","slug":"spektrum-iran-31-jahrgang-2018-heft-2","status":"publish","type":"post","link":"http:\/\/spektrum.irankultur.com\/?p=2785","title":{"rendered":"Spektrum Iran \u2013 31. Jahrgang 2018, Heft 2"},"content":{"rendered":"<p>Der Beitrag von Joseph von Hammer-Purgstall zur Vorstellung der persischen Literatur in der Kadscharenzeit\/ Seyed Saied Firuzabadi<\/p>\n<p>Ein Blick auf eschatologische individuelle Glauben in gnostischen und manich\u00e4ischen Lehren\/ Roozbeh Zarrinkoob, Sayyed Toufigh Hosseini<\/p>\n<p>\u0160\u0101h Ism\u0101\u02bb\u012bl und seine zeitgleich mehreren Koranexemplare: eine Reflexion der Problematik der Signaturf\u00e4lschung der schiitischen Imame in den Koranmanuskripten\/ Morteza Karimi-nia<\/p>\n<p>Transzendente Weisheit als Methode der Exegese, oder \u1e62adr\u0101s Kommentar zu Kulain\u012bs <em>Kit\u0101b al-K\u0101fi\/ <\/em>Janis Esots<\/p>\n<p>Fr\u00fche Reaktionen auf al-\u1e24aira\/ Andrew J. Newman<\/p>\n<p>I\u011ftih\u0101d und Reform im Zw\u00f6lferschiismus\/ Liyakat Takim<\/p>\n<p>&nbsp;<\/p>\n<p><!--more--><br \/>\n<strong>Inhalt<\/strong><\/p>\n<p><a href=\"http:\/\/spektrum.irankultur.com\/wp-content\/uploads\/2018\/07\/Richtlinien-f\u00fcr-Spektrum-Iran.pdf\">Richtlinien f\u00fcr Spektrum Iran<\/a><\/p>\n<p><a href=\"http:\/\/spektrum.irankultur.com\/wp-content\/uploads\/2018\/07\/Der-Beitrag-von-Joseph-von-Hammer-Purgstall-zur-Vorstellung.pdf\">Der Beitrag von Joseph von Hammer-Purgstall zur Vorstellung der persischen Literatur in der Kadscharenzeit<\/a><\/p>\n<p><strong>S<\/strong><strong>eyed Saied Firuzabadi<\/strong><\/p>\n<p><a href=\"http:\/\/spektrum.irankultur.com\/wp-content\/uploads\/2018\/07\/Ein-Blick-auf-eschatologische-individuelle-Glauben.pdf\">Ein Blick auf eschatologische individuelle Glauben in gnostischen und manich\u00e4ischen Lehren<\/a><\/p>\n<p><strong>Roozbeh Zarrinkoob, Sayyed Toufigh Hosseini<\/strong><\/p>\n<p><a href=\"http:\/\/spektrum.irankultur.com\/wp-content\/uploads\/2018\/07\/\u0160\u0101h-Ism\u0101\u02bb\u012bl-und-seine-zeitgleich-mehreren-Koranexemplare.pdf\">\u0160\u0101h Ism\u0101\u02bb\u012bl und seine zeitgleich mehreren Koranexemplare: eine Reflexion der Problematik der Signaturf\u00e4lschung der schiitischen Imame in den Koranmanuskripten<\/a><\/p>\n<p><strong>Morteza Karimi-nia<\/strong><\/p>\n<p><a href=\"http:\/\/spektrum.irankultur.com\/wp-content\/uploads\/2018\/07\/Transzendente-Weisheit-als-Methode-der-Exegese.pdf\">Transzendente Weisheit als Methode der Exegese, oder \u1e62adr\u0101s Kommentar zu Kulain\u012bs <em>Kit\u0101b al-K\u0101fi<\/em><\/a><\/p>\n<p><strong>Janis Esots<\/strong><\/p>\n<p><a href=\"http:\/\/spektrum.irankultur.com\/wp-content\/uploads\/2018\/07\/Fr\u00fche-Reaktionen-auf-al-\u1e24aira1.pdf\">Fr\u00fche Reaktionen auf al-\u1e24aira<\/a><\/p>\n<p><strong>Andrew <\/strong><strong>J. <\/strong><strong>Newman<\/strong><\/p>\n<p><a href=\"http:\/\/spektrum.irankultur.com\/wp-content\/uploads\/2018\/07\/I\u011ftih\u0101d-und-Reform-im-Zw\u00f6lferschiismus1.pdf\">I\u011ftih\u0101d und Reform im Zw\u00f6lferschiismus<\/a><\/p>\n<p><strong>Liyakat Takim<\/strong><\/p>\n<p><strong>\u00a0<\/strong><\/p>\n<p><strong><a href=\"http:\/\/spektrum.irankultur.com\/wp-content\/uploads\/2018\/07\/Neuerscheinungen.pdf\">Neuerscheinungen<\/a><\/strong><strong>\u00a0<\/strong><\/p>\n<p><strong><a href=\"http:\/\/spektrum.irankultur.com\/wp-content\/uploads\/2018\/07\/Englische-Abstracts.pdf\">Englische Abstracts (English Abstracts) 95<\/a><\/strong><\/p>\n<p><strong><a href=\"http:\/\/spektrum.irankultur.com\/wp-content\/uploads\/2018\/07\/Persische-Abstracts.pdf\">Persische Abstracts (\u0686\u06a9\u06cc\u062f\u0647\u200c\u0647\u0627\u06cc \u0641\u0627\u0631\u0633\u06cc \u0645\u0642\u0627\u0644\u0627\u062a) 103<\/a><\/strong><\/p>\n<p><a href=\"http:\/\/spektrum.irankultur.com\/wp-content\/uploads\/2018\/07\/Cover-Heft-2-2018-web.jpg\"><img loading=\"lazy\" decoding=\"async\" class=\"alignnone size-medium wp-image-2823\" src=\"http:\/\/spektrum.irankultur.com\/wp-content\/uploads\/2018\/07\/Cover-Heft-2-2018-web-205x300.jpg\" alt=\"Cover-Heft-2-2018-web\" width=\"205\" height=\"300\" srcset=\"http:\/\/spektrum.irankultur.com\/wp-content\/uploads\/2018\/07\/Cover-Heft-2-2018-web-205x300.jpg 205w, http:\/\/spektrum.irankultur.com\/wp-content\/uploads\/2018\/07\/Cover-Heft-2-2018-web-699x1024.jpg 699w\" sizes=\"auto, (max-width: 205px) 100vw, 205px\" \/><\/a><\/p>\n","protected":false},"excerpt":{"rendered":"<p>Der Beitrag von Joseph von Hammer-Purgstall zur Vorstellung der persischen Literatur in der Kadscharenzeit\/ Seyed Saied Firuzabadi Ein Blick auf eschatologische individuelle Glauben in gnostischen und manich\u00e4ischen Lehren\/ Roozbeh Zarrinkoob, Sayyed Toufigh Hosseini \u0160\u0101h Ism\u0101\u02bb\u012bl und seine zeitgleich mehreren Koranexemplare: eine Reflexion der Problematik der Signaturf\u00e4lschung der schiitischen Imame in den Koranmanuskripten\/ Morteza Karimi-nia Transzendente [&hellip;]<\/p>\n","protected":false},"author":3,"featured_media":0,"comment_status":"closed","ping_status":"open","sticky":false,"template":"","format":"standard","meta":{"footnotes":""},"categories":[4780,3],"tags":[4806,4790,4792,4808,4788,4800,4798,4804,4794,4786,4802,4796,4810],"class_list":["post-2785","post","type-post","status-publish","format-standard","hentry","category-31-jahrgang-2018-heft-2","category-aktuell","tag-al-aira","tag-eschatologische-individuelle-glauben","tag-gnostische-lehre","tag-igtihad","tag-kadscharenzeit","tag-koranexemplare","tag-koranmanuskripten","tag-kulainis-kitab-al-kafi","tag-manichaeische-lehren","tag-persischen-literatur","tag-adras","tag-schiitische-imame","tag-zwoelferschiismus"],"_links":{"self":[{"href":"http:\/\/spektrum.irankultur.com\/index.php?rest_route=\/wp\/v2\/posts\/2785","targetHints":{"allow":["GET"]}}],"collection":[{"href":"http:\/\/spektrum.irankultur.com\/index.php?rest_route=\/wp\/v2\/posts"}],"about":[{"href":"http:\/\/spektrum.irankultur.com\/index.php?rest_route=\/wp\/v2\/types\/post"}],"author":[{"embeddable":true,"href":"http:\/\/spektrum.irankultur.com\/index.php?rest_route=\/wp\/v2\/users\/3"}],"replies":[{"embeddable":true,"href":"http:\/\/spektrum.irankultur.com\/index.php?rest_route=%2Fwp%2Fv2%2Fcomments&post=2785"}],"version-history":[{"count":12,"href":"http:\/\/spektrum.irankultur.com\/index.php?rest_route=\/wp\/v2\/posts\/2785\/revisions"}],"predecessor-version":[{"id":2827,"href":"http:\/\/spektrum.irankultur.com\/index.php?rest_route=\/wp\/v2\/posts\/2785\/revisions\/2827"}],"wp:attachment":[{"href":"http:\/\/spektrum.irankultur.com\/index.php?rest_route=%2Fwp%2Fv2%2Fmedia&parent=2785"}],"wp:term":[{"taxonomy":"category","embeddable":true,"href":"http:\/\/spektrum.irankultur.com\/index.php?rest_route=%2Fwp%2Fv2%2Fcategories&post=2785"},{"taxonomy":"post_tag","embeddable":true,"href":"http:\/\/spektrum.irankultur.com\/index.php?rest_route=%2Fwp%2Fv2%2Ftags&post=2785"}],"curies":[{"name":"wp","href":"https:\/\/api.w.org\/{rel}","templated":true}]}}