{"id":1862,"date":"2016-01-19T15:56:48","date_gmt":"2016-01-19T15:56:48","guid":{"rendered":"http:\/\/spektrum.irankultur.com\/?p=1862"},"modified":"2018-08-02T14:22:05","modified_gmt":"2018-08-02T14:22:05","slug":"spektrum-iran-4-2015-was-sind-menschenrechte","status":"publish","type":"post","link":"http:\/\/spektrum.irankultur.com\/?p=1862","title":{"rendered":"Spektrum Iran 4-2015 &#8211; Was sind Menschenrechte?"},"content":{"rendered":"<p>Die Sehnsucht nach Recht und Ordnung ist nur dem menschlichen Wesen inh\u00e4rent. Die Frage nach den Rechten des Menschen ist genauso alt wie das menschliche Denken selbst. Stets ist die Rede von gegenseitiger Achtung und individueller Freiheit. Im Grunde geht es um die Sehnsucht nach einer wertsch\u00e4tzenden Anerkennung als Basis eines v\u00f6lker\u00fcbergreifenden Friedens.<!--more--><\/p>\n<p>Im vorliegenden Heft sollen Struktur und Aufgabe der Menschenrechte im Islam und im christlichen Abendland diskutiert werden, wobei auch die Politik derselben zu analysieren ist. Dabei werden die unterschiedlichen Vorstellungen von Menschenrechten herausgearbeitet und es wird deutlich, dass diese Rechte ohne ein Verst\u00e4ndnis f\u00fcr die mit ihnen einhergehenden Pflichten unvollst\u00e4ndig sind.<\/p>\n<p><strong>Inhalt<\/strong><\/p>\n<p><strong>Liebe Leserinnen, liebe Leser! <\/strong><\/p>\n<p><a href=\"http:\/\/spektrum.irankultur.com\/wp-content\/uploads\/2016\/01\/Einleitung.pdf\">Einleitung<\/a><\/p>\n<p><strong>Bernd Hamm<\/strong><\/p>\n<p><a href=\"http:\/\/spektrum.irankultur.com\/wp-content\/uploads\/2016\/01\/Hermeneutik-der-Menschenrechte-im-westlichen-Kontext.pdf\">Hermeneutik der Menschenrechte im westlichen Kontext<\/a><\/p>\n<p><strong>Mohammad Hossein Mozaffari<\/strong><\/p>\n<p><a href=\"http:\/\/spektrum.irankultur.com\/wp-content\/uploads\/2016\/01\/Islam-und-die-W\u00fcrde-des-Menschen.pdf\">Islam und die W\u00fcrde des Menschen<\/a><\/p>\n<p><strong>Ayatollah Reza Ramezani<\/strong><\/p>\n<p><a href=\"http:\/\/spektrum.irankultur.com\/wp-content\/uploads\/2016\/01\/Islam-und-die-Idee-der-Menschrechte.pdf\">Islam und die Idee der Menschrechte<\/a><\/p>\n<p><strong>Mohammad Qurbanpur Delaware<\/strong><\/p>\n<p><a href=\"http:\/\/spektrum.irankultur.com\/wp-content\/uploads\/2016\/01\/Grundlagen-der-Menschenrechte-im-Islam.pdf\">Grundlagen der Menschenrechte im Islam<\/a><\/p>\n<p><strong>Hamid Reza Yousefi<\/strong><\/p>\n<p><a href=\"http:\/\/spektrum.irankultur.com\/wp-content\/uploads\/2016\/01\/Interkulturalit\u00e4t-der-Menschenrechte.pdf\">Interkulturalit\u00e4t der Menschenrechte<\/a><\/p>\n<p><a href=\"http:\/\/spektrum.irankultur.com\/wp-content\/uploads\/2016\/01\/Persische-Zusammenfassungen-der-Beitr\u00e4ge.pdf\"><strong>Persische Zusammenfassungen der Beitr\u00e4ge <\/strong><strong>\u0686\u06a9\u06cc\u062f\u0647 \u0641\u0627\u0631\u0633\u06cc \u0645\u0642\u0627\u0644\u0627\u062a<\/strong><\/a><\/p>\n<p><a href=\"http:\/\/spektrum.irankultur.com\/wp-content\/uploads\/2016\/01\/20180802162131.pdf\"><strong>Buchbesprechungen<\/strong><\/a><\/p>\n<p><a href=\"http:\/\/spektrum.irankultur.com\/wp-content\/uploads\/2016\/01\/Herausgeber-und-Autoren.pdf\"><strong>Herausgeber und Autoren<\/strong><\/a><\/p>\n<p><a href=\"http:\/\/spektrum.irankultur.com\/wp-content\/uploads\/2016\/01\/spektrumiran_4_2015.jpg\"><img loading=\"lazy\" decoding=\"async\" class=\"alignleft size-medium wp-image-1860\" src=\"http:\/\/spektrum.irankultur.com\/wp-content\/uploads\/2016\/01\/spektrumiran_4_2015-208x300.jpg\" alt=\"spektrumiran_4_2015\" width=\"208\" height=\"300\" srcset=\"http:\/\/spektrum.irankultur.com\/wp-content\/uploads\/2016\/01\/spektrumiran_4_2015-208x300.jpg 208w, http:\/\/spektrum.irankultur.com\/wp-content\/uploads\/2016\/01\/spektrumiran_4_2015-711x1024.jpg 711w, http:\/\/spektrum.irankultur.com\/wp-content\/uploads\/2016\/01\/spektrumiran_4_2015.jpg 1974w\" sizes=\"auto, (max-width: 208px) 100vw, 208px\" \/><\/a><\/p>\n","protected":false},"excerpt":{"rendered":"<p>Die Sehnsucht nach Recht und Ordnung ist nur dem menschlichen Wesen inh\u00e4rent. Die Frage nach den Rechten des Menschen ist genauso alt wie das menschliche Denken selbst. Stets ist die Rede von gegenseitiger Achtung und individueller Freiheit. Im Grunde geht es um die Sehnsucht nach einer wertsch\u00e4tzenden Anerkennung als Basis eines v\u00f6lker\u00fcbergreifenden Friedens.<\/p>\n","protected":false},"author":3,"featured_media":0,"comment_status":"closed","ping_status":"open","sticky":false,"template":"","format":"standard","meta":{"footnotes":""},"categories":[620,17,537],"tags":[4816,4814,1066,83,1194,4610,189,790,4812],"class_list":["post-1862","post","type-post","status-publish","format-standard","hentry","category-4-2015","category-archiv","category-jahrgang-28-2015","tag-hermene","tag-idee","tag-interkulturalitaet","tag-islam","tag-menschen","tag-menschenrecht","tag-menschenrechte","tag-recht","tag-wuerde"],"_links":{"self":[{"href":"http:\/\/spektrum.irankultur.com\/index.php?rest_route=\/wp\/v2\/posts\/1862","targetHints":{"allow":["GET"]}}],"collection":[{"href":"http:\/\/spektrum.irankultur.com\/index.php?rest_route=\/wp\/v2\/posts"}],"about":[{"href":"http:\/\/spektrum.irankultur.com\/index.php?rest_route=\/wp\/v2\/types\/post"}],"author":[{"embeddable":true,"href":"http:\/\/spektrum.irankultur.com\/index.php?rest_route=\/wp\/v2\/users\/3"}],"replies":[{"embeddable":true,"href":"http:\/\/spektrum.irankultur.com\/index.php?rest_route=%2Fwp%2Fv2%2Fcomments&post=1862"}],"version-history":[{"count":7,"href":"http:\/\/spektrum.irankultur.com\/index.php?rest_route=\/wp\/v2\/posts\/1862\/revisions"}],"predecessor-version":[{"id":2940,"href":"http:\/\/spektrum.irankultur.com\/index.php?rest_route=\/wp\/v2\/posts\/1862\/revisions\/2940"}],"wp:attachment":[{"href":"http:\/\/spektrum.irankultur.com\/index.php?rest_route=%2Fwp%2Fv2%2Fmedia&parent=1862"}],"wp:term":[{"taxonomy":"category","embeddable":true,"href":"http:\/\/spektrum.irankultur.com\/index.php?rest_route=%2Fwp%2Fv2%2Fcategories&post=1862"},{"taxonomy":"post_tag","embeddable":true,"href":"http:\/\/spektrum.irankultur.com\/index.php?rest_route=%2Fwp%2Fv2%2Ftags&post=1862"}],"curies":[{"name":"wp","href":"https:\/\/api.w.org\/{rel}","templated":true}]}}