{"id":1188,"date":"2013-09-17T06:44:21","date_gmt":"2013-09-17T06:44:21","guid":{"rendered":"http:\/\/spektrum.irankultur.com\/?p=1188"},"modified":"2015-09-18T06:41:58","modified_gmt":"2015-09-18T06:41:58","slug":"aspekte-des-imamitischen-schiismus-und-seiner-auswir%c2%adkungen-in-geschichte-und-gegenwart-irans-teil-1","status":"publish","type":"post","link":"http:\/\/spektrum.irankultur.com\/?p=1188","title":{"rendered":"Aspekte des imamitischen Schiismus und seiner Auswir\u00adkungen in Geschichte und Gegenwart Irans* , Teil 1"},"content":{"rendered":"<p><em>In dieser und den beiden folgenden Ausgaben des SPEKTRUM IRAN ver\u00f6ffentlichen wir die Magisterarbeit von Thomas Ogger aus dem Jahre 1980 in drei Teilabschnitten.<\/em><\/p>\n<p><em>Er hat uns diese von ihm geringf\u00fcgig \u00fcberarbeitete Arbeit freundlicherweise zur Verf\u00fcgung gestellt, da er \u2013 wie auch wir \u2013 der Meinung ist, dass das Thema der Arbeit f\u00fcr das Verst\u00e4ndnis der Vorgeschichte der Islamischen Republik Iran von Belang sei.<!--more--><\/em><\/p>\n<p><em>Der Verfasser wies uns aber auch darauf hin, dass bestimmte Aussagen seinen pers\u00f6nlichen Einsch\u00e4tzungen der damaligen Zeitl\u00e4ufte gegen Ende der 1970er-Jahre entsprechen und sie demzufolge in heutiger Zeit an Aktualit\u00e4t eingeb\u00fc\u00dft haben m\u00f6gen. Die Redaktion.<\/em><\/p>\n<p><em>\u00a0<\/em><\/p>\n<p><strong>Dr. Thomas Ogger<\/strong><\/p>\n<p><strong>Aspekte des imamitischen Schiismus und seiner Auswir\u00adkungen in Geschichte und Gegenwart Irans<sup>* <\/sup>, Teil 1<\/strong><\/p>\n<p><strong>Prolog<\/strong><\/p>\n<p>Diese Magisterarbeit wurde erstellt, nachdem ich 1978, kurz nach dem Blutbad auf dem Teheraner <em>Mayd\u0101n-e \u017d\u0101le<\/em>, einige Monate in Iran ver\u00adbracht hatte. Der nach jenem schrecklichen Ereignis anhaltende Streik der gesamten Bev\u00f6lkerung lie\u00df mich zum ungewollten Zeugen einer fas\u00adzinierenden Bewegung bzw. Entwicklung werden, die das wenige Jahre zuvor noch als \u00bbstabilstes politisches System der Region\u00ab bezeichnete Schahregime wie ein Kartenhaus in sich zusammenbrechen lie\u00df und in die Islamische Revolution m\u00fcndete. Doch schon w\u00e4hrend meiner Stu\u00addienzeit in Isfahan einige Jahre zuvor war mir der Riss in der iranischen Gesellschaft aufgefallen, der auf den Zerfall der damaligen, scheinbar im Zenit ihrer Macht stehenden Herrschaft des Schahs hindeutete, was aller\u00addings nach au\u00dfen hin kaum zu erkennen war.<\/p>\n<p>Zur\u00fcckgekehrt in Berlin, befasste ich mich intensiv mit den Vorg\u00e4ngen in Iran sowie noch intensiver mit einer von mir bewunderten Geisteshaltung und einer damit verbundenen Denktradition, die weite Teile der irani\u00adschen Bev\u00f6lkerung gepr\u00e4gt hat und offenbar noch weiterhin pr\u00e4gt. Un\u00adterst\u00fctzt wurde ich von meinem damals zust\u00e4ndigen Professor der Ira\u00adnistik sowie seinem Kollegen der Islamwissenschaft, denen gegen\u00fcber ich mich heute noch zu gro\u00dfem Dank verpflichtet f\u00fchle.<\/p>\n<p>Als ich nun diese Magisterarbeit 2009 anl\u00e4sslich des 30. Jahrestages der Islamischen Revolution gleichsam per Zufall erneut in die H\u00e4nde nahm, stellte ich fest, dass viele darin enthaltenen Aussagen ihre G\u00fcltigkeit, ja sogar ihren aktuellen Bezug nicht verloren haben, so dass ich mich ent\u00adschloss, sie elektronisch zu verarbeiten, um sie m\u00f6glichen Interessierten zur Verf\u00fcgung zu stellen. F\u00fcr eine erneute Ver\u00f6ffentlichung schien es mir jedoch n\u00f6tig, nicht nur einzelne wenige Punkte, die sich auf die Zeit nach 1980 beziehen, zu \u00fcberarbeiten, sondern auch den allgemeinen Sprachduktus etwas zu gl\u00e4tten. Doch blieben der Inhalt der Arbeit wie auch der Sprachstil im Wesentlichen unber\u00fchrt.<\/p>\n<p>Und so erf\u00fcllt es mich mit besonderer Freude, dass die Redaktion der Zeitschrift SPEKTRUM IRAN ihr Interesse f\u00fcr eine Ver\u00f6ffentlichung bekundet hat. Deshalb gilt ihr mein besonderer Dank.<\/p>\n<p>Thomas Ogger<\/p>\n<p>im Sommer 2013<\/p>\n<p><a href=\"http:\/\/spektrum.irankultur.com\/wp-content\/uploads\/2013\/09\/5-Aspekte-des-imamitischen-Schiismus-Ogger_3.pdf\" target=\"_blank\">weiter: PDF Aspekte des imamitischen Schiismus und seiner Auswir\u00adkungen in Geschichte und Gegenwart Irans* , Teil 1<\/a><\/p>\n<p>&nbsp;<\/p>\n<div><br clear=\"all\" \/><\/p>\n<hr align=\"left\" size=\"1\" width=\"33%\" \/>\n<div>\n<p><a title=\"\" href=\"#_ftnref1\">[1]<\/a>\u00a0\u00a0\u00a0 Magisterarbeit im Fach Iranistik der Freien Universit\u00e4t Berlin (1980).<\/p>\n<\/div>\n<\/div>\n","protected":false},"excerpt":{"rendered":"<p>In dieser und den beiden folgenden Ausgaben des SPEKTRUM IRAN ver\u00f6ffentlichen wir die Magisterarbeit von Thomas Ogger aus dem Jahre 1980 in drei Teilabschnitten. Er hat uns diese von ihm geringf\u00fcgig \u00fcberarbeitete Arbeit freundlicherweise zur Verf\u00fcgung gestellt, da er \u2013 wie auch wir \u2013 der Meinung ist, dass das Thema der Arbeit f\u00fcr das Verst\u00e4ndnis [&hellip;]<\/p>\n","protected":false},"author":3,"featured_media":0,"comment_status":"closed","ping_status":"open","sticky":false,"template":"","format":"standard","meta":{"footnotes":""},"categories":[270],"tags":[],"class_list":["post-1188","post","type-post","status-publish","format-standard","hentry","category-allgemein-de"],"_links":{"self":[{"href":"http:\/\/spektrum.irankultur.com\/index.php?rest_route=\/wp\/v2\/posts\/1188","targetHints":{"allow":["GET"]}}],"collection":[{"href":"http:\/\/spektrum.irankultur.com\/index.php?rest_route=\/wp\/v2\/posts"}],"about":[{"href":"http:\/\/spektrum.irankultur.com\/index.php?rest_route=\/wp\/v2\/types\/post"}],"author":[{"embeddable":true,"href":"http:\/\/spektrum.irankultur.com\/index.php?rest_route=\/wp\/v2\/users\/3"}],"replies":[{"embeddable":true,"href":"http:\/\/spektrum.irankultur.com\/index.php?rest_route=%2Fwp%2Fv2%2Fcomments&post=1188"}],"version-history":[{"count":2,"href":"http:\/\/spektrum.irankultur.com\/index.php?rest_route=\/wp\/v2\/posts\/1188\/revisions"}],"predecessor-version":[{"id":1190,"href":"http:\/\/spektrum.irankultur.com\/index.php?rest_route=\/wp\/v2\/posts\/1188\/revisions\/1190"}],"wp:attachment":[{"href":"http:\/\/spektrum.irankultur.com\/index.php?rest_route=%2Fwp%2Fv2%2Fmedia&parent=1188"}],"wp:term":[{"taxonomy":"category","embeddable":true,"href":"http:\/\/spektrum.irankultur.com\/index.php?rest_route=%2Fwp%2Fv2%2Fcategories&post=1188"},{"taxonomy":"post_tag","embeddable":true,"href":"http:\/\/spektrum.irankultur.com\/index.php?rest_route=%2Fwp%2Fv2%2Ftags&post=1188"}],"curies":[{"name":"wp","href":"https:\/\/api.w.org\/{rel}","templated":true}]}}